{"id":353,"date":"2012-09-06T13:34:51","date_gmt":"2012-09-06T15:34:51","guid":{"rendered":"http:\/\/www.encontraavare.com.br\/noticias\/?p=353"},"modified":"2019-04-29T18:24:30","modified_gmt":"2019-04-29T20:24:30","slug":"cursos-gratuitos-profissionalizantes-sao-oferecidos-em-avare","status":"publish","type":"post","link":"https:\/\/www.encontraavare.com.br\/sobre\/cursos-gratuitos-profissionalizantes-sao-oferecidos-em-avare\/","title":{"rendered":"Cursos gratuitos profissionalizantes s\u00e3o oferecidos em Avar\u00e9"},"content":{"rendered":"<div class=\"2780c7c2b3fba7de8a5bd6fdf431a497\" data-index=\"1\" style=\"float: left; margin: 15px 15px 15px 0;\">\n<!-- EBR \/Novo-Bairro\/ 300x250 - pub-85 -->\r\n<ins class=\"adsbygoogle\"\r\n     style=\"display:inline-block;width:300px;height:250px\"\r\n     data-ad-client=\"ca-pub-8585364105181520\"\r\n     data-ad-slot=\"4691134188\"><\/ins>\r\n<script>\r\n(adsbygoogle = window.adsbygoogle || []).push({});\r\n<\/script>\r\n\n<\/div>\n<p>O Programa Nacional de acesso ao Ensino T\u00e9cnico e Emprego (Pronatec) est\u00e1 com inscri\u00e7\u00f5es abertas para tr\u00eas cursos na cidade de\u00a0Avar\u00e9\u00a0(SP).<\/p>\n<p>Os interessados podem optar por auxiliar de opera\u00e7\u00f5es em log\u00edstica, almoxarife e programador de sistemas.<\/p>\n<p>Os cursos tem dura\u00e7\u00e3o de, no m\u00e1ximo, tr\u00eas meses e s\u00e3o totalmente gratu\u00edtos. Os alunos ainda receber\u00e3o aux\u00edlio para transporte e alimenta\u00e7\u00e3o. O Pronatec \u00e9 ofercido pelo Governo Federal em parceria com a Secretaria de Assist\u00eancia e Desenvolvimento Social de Avar\u00e9.<\/p>\n<p>Os interessados devem fazer a matr\u00edcula no Instituto federal do Estado de S\u00e3o Paulo (IFSP),na unidade de Avar\u00e9, que fica na Avenida Professor Celso Ferreira da Silva, Jardim Europa. Mais informa\u00e7\u00f5es pelo telefone (14) 3732-6599.<\/p>\n<p><strong>Confira o conte\u00fado dos cursos:<\/p>\n<p>Auxiliar de opera\u00e7\u00f5es em log\u00edstica<\/strong><br \/>\nRealiza atividades de controle e opera\u00e7\u00e3o de processos log\u00edsticos, atendendo a suprimentos, produ\u00e7\u00e3o e distribui\u00e7\u00e3o f\u00edsica de bens e servi\u00e7os, de acordo com as normas e procedimentos t\u00e9cnicos de qualidade, seguran\u00e7a, higiene e sa\u00fade.<br \/>\nEscolaridade m\u00ednima: ensino fundamental incompleto<br \/>\nAulas: segunda, ter\u00e7a, quarta e quinta-feira, das 13h15 \u00e0s 17h15<\/p>\n<p><strong>Almoxarife<\/strong><br \/>\nPrograma e controla o recebimento de materiais mediante documenta\u00e7\u00e3o fiscal do invent\u00e1rio f\u00edsico. Armazena materiais, mantendo atualizados os registros de localiza\u00e7\u00e3o no almoxarifado, de acordo com as normas e procedimentos t\u00e9cnicos de qualidade, seguran\u00e7a, higiene e sa\u00fade.<br \/>\nEscolaridade m\u00ednima: ensino m\u00e9dio incompleto<br \/>\nAulas: segunda, ter\u00e7a, quarta e quinta-feira, das 8h \u00e0s 12h<\/p>\n<p><strong>Programador de sistemas<\/strong><br \/>\nDesenvolve e realiza a manuten\u00e7\u00e3o de sistemas, codificando programas e modelando banco de dados. Faz consultas, segundo as especifica\u00e7\u00f5es do projeto, e documenta todas as etapas do processo.<br \/>\nEscolaridade m\u00ednima: ensino fundamental incompleto<br \/>\nAulas: segunda, ter\u00e7a e quinta-feira, das 8h \u00e0s 12h<\/p>\n<p><em>Fonte: G1\u00a0<\/em><\/p>\n\n<div style=\"font-size: 0px; height: 0px; line-height: 0px; margin: 0; padding: 0; clear: both;\"><\/div>","protected":false},"excerpt":{"rendered":"<p>O Programa Nacional de acesso ao Ensino T\u00e9cnico e Emprego (Pronatec) est\u00e1 com inscri\u00e7\u00f5es abertas para tr\u00eas cursos na cidade de\u00a0Avar\u00e9\u00a0(SP). Os interessados podem optar por auxiliar de opera\u00e7\u00f5es em log\u00edstica, almoxarife e programador de sistemas. Os cursos tem dura\u00e7\u00e3o de, no m\u00e1ximo, tr\u00eas meses e s\u00e3o totalmente gratu\u00edtos. Os alunos ainda receber\u00e3o aux\u00edlio para transporte e alimenta\u00e7\u00e3o. O Pronatec \u00e9 ofercido pelo Governo Federal em parceria com a Secretaria de Assist\u00eancia e Desenvolvimento Social de Avar\u00e9. Os interessados devem fazer a matr\u00edcula no Instituto federal do Estado de S\u00e3o Paulo (IFSP),na unidade de Avar\u00e9, que fica na Avenida Professor <\/p>\n","protected":false},"author":1,"featured_media":0,"comment_status":"open","ping_status":"closed","sticky":false,"template":"","format":"standard","meta":{"footnotes":""},"categories":[3],"tags":[],"class_list":["post-353","post","type-post","status-publish","format-standard","hentry","category-cursos-avare"],"aioseo_notices":[],"_links":{"self":[{"href":"https:\/\/www.encontraavare.com.br\/sobre\/wp-json\/wp\/v2\/posts\/353","targetHints":{"allow":["GET"]}}],"collection":[{"href":"https:\/\/www.encontraavare.com.br\/sobre\/wp-json\/wp\/v2\/posts"}],"about":[{"href":"https:\/\/www.encontraavare.com.br\/sobre\/wp-json\/wp\/v2\/types\/post"}],"author":[{"embeddable":true,"href":"https:\/\/www.encontraavare.com.br\/sobre\/wp-json\/wp\/v2\/users\/1"}],"replies":[{"embeddable":true,"href":"https:\/\/www.encontraavare.com.br\/sobre\/wp-json\/wp\/v2\/comments?post=353"}],"version-history":[{"count":0,"href":"https:\/\/www.encontraavare.com.br\/sobre\/wp-json\/wp\/v2\/posts\/353\/revisions"}],"wp:attachment":[{"href":"https:\/\/www.encontraavare.com.br\/sobre\/wp-json\/wp\/v2\/media?parent=353"}],"wp:term":[{"taxonomy":"category","embeddable":true,"href":"https:\/\/www.encontraavare.com.br\/sobre\/wp-json\/wp\/v2\/categories?post=353"},{"taxonomy":"post_tag","embeddable":true,"href":"https:\/\/www.encontraavare.com.br\/sobre\/wp-json\/wp\/v2\/tags?post=353"}],"curies":[{"name":"wp","href":"https:\/\/api.w.org\/{rel}","templated":true}]}}